{"id":2129,"date":"2025-03-16T21:24:06","date_gmt":"2025-03-16T20:24:06","guid":{"rendered":"https:\/\/www.hotelbelalp.com\/?p=2129"},"modified":"2025-03-16T21:27:13","modified_gmt":"2025-03-16T20:27:13","slug":"16-03-2025-22-03-2025-rock-the-pistes-festival","status":"publish","type":"post","link":"https:\/\/www.hotelbelalp.com\/de\/16-03-2025-22-03-2025-rock-the-pistes-festival\/","title":{"rendered":"16\/03\/2025 - 22\/03\/2025 : Rock the Pistes Festival"},"content":{"rendered":"<p><strong>Rock The Pistes 2025: Das Musikfestival in luftiger H\u00f6he startet heute!<\/strong><\/p>\n\n\n\n<p>Auf geht's in eine neue Ausgabe des <strong>Rock The Pistes Festival<\/strong> ! Vom 16. bis 22. M\u00e4rz 2025 werden die Berge der <strong>Portes du Soleil<\/strong> werden von Rock- und Live-Musik begleitet und bieten ein einzigartiges Skierlebnis. Jedes Jahr versammeln sich bei diesem au\u00dfergew\u00f6hnlichen Ereignis Tausende von Ski- und musikbegeisterten Festivalbesuchern, um unvergessliche Konzerte inmitten der Natur zu genie\u00dfen.<\/p>\n\n\n\n<figure class=\"wp-block-image size-large\"><img fetchpriority=\"high\" decoding=\"async\" width=\"1024\" height=\"768\" src=\"https:\/\/www.hotelbelalp.com\/wp-content\/uploads\/2025\/03\/20220314_133846-1024x768.jpg\" alt=\"Foto -\" class=\"wp-image-2131\" srcset=\"https:\/\/www.hotelbelalp.com\/wp-content\/uploads\/2025\/03\/20220314_133846-1024x768.jpg 1024w, https:\/\/www.hotelbelalp.com\/wp-content\/uploads\/2025\/03\/20220314_133846-300x225.jpg 300w, https:\/\/www.hotelbelalp.com\/wp-content\/uploads\/2025\/03\/20220314_133846-768x576.jpg 768w, https:\/\/www.hotelbelalp.com\/wp-content\/uploads\/2025\/03\/20220314_133846-1536x1152.jpg 1536w, https:\/\/www.hotelbelalp.com\/wp-content\/uploads\/2025\/03\/20220314_133846-2048x1536.jpg 2048w, https:\/\/www.hotelbelalp.com\/wp-content\/uploads\/2025\/03\/20220314_133846-16x12.jpg 16w\" sizes=\"(max-width: 1024px) 100vw, 1024px\" \/><\/figure>\n\n\n\n<h3 class=\"wp-block-heading\">Eine explosive Programmierung<\/h3>\n\n\n\n<p>Auch in diesem Jahr legt Rock The Pistes die Messlatte mit einer Auswahl an renommierten K\u00fcnstlern und aufstrebenden Talenten hoch. Auf dem Programm stehen tags\u00fcber Konzerte auf B\u00fchnen hoch oben auf den Pisten, die nur mit Skiern zu erreichen sind, sowie <strong>after-ski<\/strong> in der Station, um das Fest zu verl\u00e4ngern.<\/p>\n\n\n\n<h4 class=\"wp-block-heading\">Details der Programmierung 2025 :<\/h4>\n\n\n\n<p><strong>Sonntag, 16. M\u00e4rz 2025 - Morzine<\/strong><\/p>\n\n\n\n<ul class=\"wp-block-list\">\n<li><strong>Schwarz M<\/strong><\/li>\n<\/ul>\n\n\n\n<p><strong>Montag, 17. M\u00e4rz 2025 - Ch\u00e2tel<\/strong><\/p>\n\n\n\n<ul class=\"wp-block-list\">\n<li><strong>St Graal<\/strong> (erster Teil)<\/li>\n\n\n\n<li><strong>Die Frau<\/strong><\/li>\n<\/ul>\n\n\n\n<p><strong>Mittwoch, 19. M\u00e4rz 2025 - Montriond-Les Lindarets (Skigebiet Avoriaz 1800)<\/strong><\/p>\n\n\n\n<ul class=\"wp-block-list\">\n<li><strong>MC Solaar<\/strong><\/li>\n<\/ul>\n\n\n\n<p><strong>Donnerstag, 20. M\u00e4rz 2025 - Montriond-Les Lindarets (Skigebiet Avoriaz 1800)<\/strong><\/p>\n\n\n\n<ul class=\"wp-block-list\">\n<li><strong>Royal Republic<\/strong><\/li>\n<\/ul>\n\n\n\n<p><strong>Freitag, 21. M\u00e4rz 2025 - Morgins (Gipfel der Morgins-Gondelbahn)<\/strong><\/p>\n\n\n\n<ul class=\"wp-block-list\">\n<li><strong>Pierre Hugues Jos\u00e9<\/strong> (erster Teil)<\/li>\n\n\n\n<li><strong>Vald<\/strong><\/li>\n<\/ul>\n\n\n\n<p><strong>Samstag, 22. M\u00e4rz 2025 - Morgins (Gipfel der Morgins-Gondelbahn)<\/strong><\/p>\n\n\n\n<ul class=\"wp-block-list\">\n<li><strong>Howlin' Jaws<\/strong><\/li>\n\n\n\n<li><strong>The Inspector Cluzo<\/strong><\/li>\n<\/ul>\n\n\n\n<h3 class=\"wp-block-heading\">Ein einzigartiges Erlebnis Zwischen Ski und Musik<\/h3>\n\n\n\n<p>Stellen Sie sich vor, Sie fahren die Pisten hinunter, bevor Sie auf einer B\u00fchne mitten in den Bergen ein Live-Konzert vor einem atemberaubenden Panorama geben. Das ist die Essenz von <strong>Rock The Pistes<\/strong> : eine perfekte Verbindung von Sport und Kultur, Adrenalin und Melodie.<\/p>\n\n\n\n<p>Und f\u00fcr diejenigen, die nach einem guten Tag auf der Piste lieber Musik genie\u00dfen m\u00f6chten, bieten die Skigebiete der <strong>Portes du Soleil<\/strong> werden jeden Abend Konzerte und Unterhaltungsprogramme in einer festlichen und geselligen Atmosph\u00e4re anbieten.<\/p>\n\n\n\n<figure class=\"wp-block-image size-large\"><img decoding=\"async\" width=\"1024\" height=\"768\" src=\"https:\/\/www.hotelbelalp.com\/wp-content\/uploads\/2025\/03\/20240317_131958-1024x768.jpg\" alt=\"Foto -\" class=\"wp-image-2130\" srcset=\"https:\/\/www.hotelbelalp.com\/wp-content\/uploads\/2025\/03\/20240317_131958-1024x768.jpg 1024w, https:\/\/www.hotelbelalp.com\/wp-content\/uploads\/2025\/03\/20240317_131958-300x225.jpg 300w, https:\/\/www.hotelbelalp.com\/wp-content\/uploads\/2025\/03\/20240317_131958-768x576.jpg 768w, https:\/\/www.hotelbelalp.com\/wp-content\/uploads\/2025\/03\/20240317_131958-1536x1152.jpg 1536w, https:\/\/www.hotelbelalp.com\/wp-content\/uploads\/2025\/03\/20240317_131958-2048x1536.jpg 2048w, https:\/\/www.hotelbelalp.com\/wp-content\/uploads\/2025\/03\/20240317_131958-16x12.jpg 16w\" sizes=\"(max-width: 1024px) 100vw, 1024px\" \/><\/figure>\n\n\n\n<h3 class=\"wp-block-heading\">Verpassen Sie diese Ausgabe 2025 nicht!<\/h3>\n\n\n\n<p>Egal, ob Sie den Nervenkitzel lieben oder sich f\u00fcr Musik begeistern, <strong>Rock The Pistes<\/strong> ist ein Ereignis, das Sie nicht verpassen sollten. Buchen Sie schnell Ihren Skipass und lassen Sie sich von der Magie der Musik in der H\u00f6he tragen.<\/p>\n\n\n\n<p>Folgen Sie uns, um keine H\u00f6hepunkte dieser au\u00dfergew\u00f6hnlichen Woche zu verpassen. <strong>Sind Sie bereit, die Pisten zu entflammen?<\/strong><\/p>\n\n\n\n<p>#RockThePistes #PortesDuSoleil #SkiAndMusic #FestivalEnAltitude<\/p>","protected":false},"excerpt":{"rendered":"<p>Rock The Pistes 2025 : Le Festival de Musique en Altitude D\u00e9marre Aujourd&rsquo;hui ! C&rsquo;est parti pour une nouvelle \u00e9dition du Rock The Pistes Festival ! Du 16 au 22 mars 2025, les montagnes des Portes du Soleil vibreront au son du rock et de la musique live, pour une exp\u00e9rience unique \u00e0 ski. Chaque [&hellip;]<\/p>\n","protected":false},"author":13,"featured_media":2133,"comment_status":"closed","ping_status":"open","sticky":false,"template":"","format":"standard","meta":{"inline_featured_image":false,"footnotes":""},"categories":[1],"tags":[],"class_list":["post-2129","post","type-post","status-publish","format-standard","has-post-thumbnail","hentry","category-non-classe"],"_links":{"self":[{"href":"https:\/\/www.hotelbelalp.com\/de\/wp-json\/wp\/v2\/posts\/2129","targetHints":{"allow":["GET"]}}],"collection":[{"href":"https:\/\/www.hotelbelalp.com\/de\/wp-json\/wp\/v2\/posts"}],"about":[{"href":"https:\/\/www.hotelbelalp.com\/de\/wp-json\/wp\/v2\/types\/post"}],"author":[{"embeddable":true,"href":"https:\/\/www.hotelbelalp.com\/de\/wp-json\/wp\/v2\/users\/13"}],"replies":[{"embeddable":true,"href":"https:\/\/www.hotelbelalp.com\/de\/wp-json\/wp\/v2\/comments?post=2129"}],"version-history":[{"count":1,"href":"https:\/\/www.hotelbelalp.com\/de\/wp-json\/wp\/v2\/posts\/2129\/revisions"}],"predecessor-version":[{"id":2132,"href":"https:\/\/www.hotelbelalp.com\/de\/wp-json\/wp\/v2\/posts\/2129\/revisions\/2132"}],"wp:featuredmedia":[{"embeddable":true,"href":"https:\/\/www.hotelbelalp.com\/de\/wp-json\/wp\/v2\/media\/2133"}],"wp:attachment":[{"href":"https:\/\/www.hotelbelalp.com\/de\/wp-json\/wp\/v2\/media?parent=2129"}],"wp:term":[{"taxonomy":"category","embeddable":true,"href":"https:\/\/www.hotelbelalp.com\/de\/wp-json\/wp\/v2\/categories?post=2129"},{"taxonomy":"post_tag","embeddable":true,"href":"https:\/\/www.hotelbelalp.com\/de\/wp-json\/wp\/v2\/tags?post=2129"}],"curies":[{"name":"wp","href":"https:\/\/api.w.org\/{rel}","templated":true}]}}