{"id":2449,"date":"2026-03-16T15:20:55","date_gmt":"2026-03-16T14:20:55","guid":{"rendered":"https:\/\/www.hotelbelalp.com\/?p=2449"},"modified":"2026-03-16T15:24:00","modified_gmt":"2026-03-16T14:24:00","slug":"mars-a-chatel-rock-the-pistes-und-die-magie-des-saisonabschlusses","status":"publish","type":"post","link":"https:\/\/www.hotelbelalp.com\/de\/mars-a-chatel-rock-the-pistes-et-la-magie-de-la-fin-de-saison\/","title":{"rendered":"M\u00e4rz in Ch\u00e2tel: Rock the Pistes und die Magie des Saisonendes"},"content":{"rendered":"<p>Der M\u00e4rz ist eine der besten Zeiten, um zum Skifahren nach Ch\u00e2tel zu kommen. Die Tage werden l\u00e4nger, die Sonne kehrt gro\u00dfz\u00fcgig zur\u00fcck und die Stimmung auf den Pisten wird besonders angenehm. Es ist auch die Zeit eines Ereignisses, das in den Portes du Soleil nicht fehlen darf: <strong>Rock the Pistes Festival<\/strong>.<\/p>\n\n\n\n<p>Zwischen Skifahren, H\u00f6henkonzerten und Entspannung in der Sonne bietet der M\u00e4rz ein einzigartiges Erlebnis in den Bergen.<\/p>\n\n\n\n<h2 class=\"wp-block-heading\">Rock the Pistes: Konzerte im Herzen des Skigebiets<\/h2>\n\n\n\n<p>Jedes Jahr im M\u00e4rz wird das Gebiet der <strong>Portes du Soleil<\/strong> beherbergt den ber\u00fchmten <strong>Rock the Pistes Festival<\/strong>. Dieses in Europa einzigartige Festival bietet Live-Konzerte direkt auf den Pisten, die nur mit Skiern erreichbar sind.<\/p>\n\n\n\n<p>Eine Woche lang treten mehrere internationale K\u00fcnstler und Gruppen auf B\u00fchnen auf, die in den verschiedenen Stationen des Skigebiets in luftiger H\u00f6he aufgebaut sind.<\/p>\n\n\n\n<figure class=\"wp-block-image size-large\"><img fetchpriority=\"high\" decoding=\"async\" width=\"1024\" height=\"768\" src=\"https:\/\/www.hotelbelalp.com\/wp-content\/uploads\/2025\/03\/20240317_131958-1024x768.jpg\" alt=\"Foto -\" class=\"wp-image-2130\" srcset=\"https:\/\/www.hotelbelalp.com\/wp-content\/uploads\/2025\/03\/20240317_131958-1024x768.jpg 1024w, https:\/\/www.hotelbelalp.com\/wp-content\/uploads\/2025\/03\/20240317_131958-300x225.jpg 300w, https:\/\/www.hotelbelalp.com\/wp-content\/uploads\/2025\/03\/20240317_131958-768x576.jpg 768w, https:\/\/www.hotelbelalp.com\/wp-content\/uploads\/2025\/03\/20240317_131958-1536x1152.jpg 1536w, https:\/\/www.hotelbelalp.com\/wp-content\/uploads\/2025\/03\/20240317_131958-2048x1536.jpg 2048w, https:\/\/www.hotelbelalp.com\/wp-content\/uploads\/2025\/03\/20240317_131958-16x12.jpg 16w\" sizes=\"(max-width: 1024px) 100vw, 1024px\" \/><\/figure>\n\n\n\n<p>Die Atmosph\u00e4re ist au\u00dfergew\u00f6hnlich :<\/p>\n\n\n\n<ul class=\"wp-block-list\">\n<li>Skifahren am Morgen<\/li>\n\n\n\n<li>Open-Air-Konzert am fr\u00fchen Nachmittag<\/li>\n\n\n\n<li>zur\u00fcck zum Skifahren in den D\u00f6rfern<\/li>\n<\/ul>\n\n\n\n<p>Das alles in einer spektakul\u00e4ren Kulisse gegen\u00fcber den Bergen.<\/p>\n\n\n\n<p>F\u00fcr Skifahrer und Musikliebhaber ist dies ein wirklich besonderes Erlebnis.<\/p>\n\n\n\n<h2 class=\"wp-block-heading\">M\u00e4rz: die beste Zeit, um die Pisten zu genie\u00dfen<\/h2>\n\n\n\n<p>Das Ende der Saison hat viele Vorteile, die den Stammg\u00e4sten der Berge wohlbekannt sind.<\/p>\n\n\n\n<p>Die Bedingungen sind oft ideal:<\/p>\n\n\n\n<ul class=\"wp-block-list\">\n<li><strong>l\u00e4ngere Tage<\/strong><\/li>\n\n\n\n<li><strong>mildere Temperaturen<\/strong><\/li>\n\n\n\n<li><strong>Sonnenterrassen<\/strong><\/li>\n\n\n\n<li><strong>noch sehr schneesichere Pisten in h\u00f6heren Lagen<\/strong><\/li>\n<\/ul>\n\n\n\n<p>Es ist die perfekte Zeit, um sportliches Skifahren am Morgen mit entspannenden Momenten am Nachmittag zu kombinieren.<\/p>\n\n\n\n<p>Die Bergrestaurants und Pistenbars werden zu sehr lebendigen Orten, an denen man die Sonne vor den Gipfeln genie\u00dft.<\/p>\n\n\n\n<h2 class=\"wp-block-heading\">Nach dem Skifahren: Entspannung und Bergstimmung<\/h2>\n\n\n\n<p>Was gibt es nach einem sch\u00f6nen Tag auf der Piste oder einem Konzert in der H\u00f6he Besseres, als sich zu entspannen?<\/p>\n\n\n\n<p>In der\u2019<strong>Hotel Belalp<\/strong>, Unsere Kunden wissen dies besonders zu sch\u00e4tzen:<\/p>\n\n\n\n<ul class=\"wp-block-list\">\n<li>die <strong>Spa mit Sauna, Dampfbad und Jacuzzi<\/strong><\/li>\n\n\n\n<li>die herzliche Atmosph\u00e4re des <strong>Wohnzimmer mit Ofen<\/strong><\/li>\n\n\n\n<li>die K\u00fcche Haus vom <strong>Restaurant mit Halbpension<\/strong><\/li>\n<\/ul>\n\n\n\n<p>Im M\u00e4rz ist es au\u00dferdem ruhiger als in den Schulferien, sodass Sie das Dorf und das Skigebiet in vollen Z\u00fcgen genie\u00dfen k\u00f6nnen.<\/p>\n\n\n\n<h2 class=\"wp-block-heading\">Ein idealer Ausflug in die Berge<\/h2>\n\n\n\n<p>Zwischen Skifahren in der Sonne, Konzerten auf den Pisten und der Stimmung am Ende der Saison, <strong>M\u00e4rz ist eine ideale Zeit, um Ch\u00e2tel und die Portes du Soleil zu entdecken.<\/strong>.<\/p>\n\n\n\n<p>Ob ein Wochenende oder ein paar Tage Aufenthalt, es ist die perfekte Zeit, um die Berge einmal anders zu genie\u00dfen.<\/p>\n\n\n\n<p><strong>Lust auf eine Erfahrung?<\/strong><br>Entdecken Sie unsere Zimmer und planen Sie Ihren Aufenthalt im Hotel Belalp in Ch\u00e2tel.<\/p>","protected":false},"excerpt":{"rendered":"<p>Le mois de mars est l\u2019un des meilleurs moments pour venir skier \u00e0 Ch\u00e2tel. Les journ\u00e9es s\u2019allongent, le soleil revient g\u00e9n\u00e9reusement et l\u2019ambiance sur les pistes devient particuli\u00e8rement agr\u00e9able. C\u2019est aussi la p\u00e9riode d\u2019un \u00e9v\u00e9nement incontournable dans les Portes du Soleil : Rock the Pistes Festival. Entre ski, concerts en altitude et d\u00e9tente au soleil, [&hellip;]<\/p>\n","protected":false},"author":13,"featured_media":2130,"comment_status":"closed","ping_status":"open","sticky":false,"template":"","format":"standard","meta":{"inline_featured_image":false,"footnotes":""},"categories":[1],"tags":[],"class_list":["post-2449","post","type-post","status-publish","format-standard","has-post-thumbnail","hentry","category-non-classe"],"_links":{"self":[{"href":"https:\/\/www.hotelbelalp.com\/de\/wp-json\/wp\/v2\/posts\/2449","targetHints":{"allow":["GET"]}}],"collection":[{"href":"https:\/\/www.hotelbelalp.com\/de\/wp-json\/wp\/v2\/posts"}],"about":[{"href":"https:\/\/www.hotelbelalp.com\/de\/wp-json\/wp\/v2\/types\/post"}],"author":[{"embeddable":true,"href":"https:\/\/www.hotelbelalp.com\/de\/wp-json\/wp\/v2\/users\/13"}],"replies":[{"embeddable":true,"href":"https:\/\/www.hotelbelalp.com\/de\/wp-json\/wp\/v2\/comments?post=2449"}],"version-history":[{"count":1,"href":"https:\/\/www.hotelbelalp.com\/de\/wp-json\/wp\/v2\/posts\/2449\/revisions"}],"predecessor-version":[{"id":2450,"href":"https:\/\/www.hotelbelalp.com\/de\/wp-json\/wp\/v2\/posts\/2449\/revisions\/2450"}],"wp:featuredmedia":[{"embeddable":true,"href":"https:\/\/www.hotelbelalp.com\/de\/wp-json\/wp\/v2\/media\/2130"}],"wp:attachment":[{"href":"https:\/\/www.hotelbelalp.com\/de\/wp-json\/wp\/v2\/media?parent=2449"}],"wp:term":[{"taxonomy":"category","embeddable":true,"href":"https:\/\/www.hotelbelalp.com\/de\/wp-json\/wp\/v2\/categories?post=2449"},{"taxonomy":"post_tag","embeddable":true,"href":"https:\/\/www.hotelbelalp.com\/de\/wp-json\/wp\/v2\/tags?post=2449"}],"curies":[{"name":"wp","href":"https:\/\/api.w.org\/{rel}","templated":true}]}}