{"id":1546,"date":"2023-01-25T17:04:42","date_gmt":"2023-01-25T16:04:42","guid":{"rendered":"https:\/\/www.hotelbelalp.com\/?p=1546"},"modified":"2023-01-25T18:04:07","modified_gmt":"2023-01-25T17:04:07","slug":"womens-alpine-ski-european-cup","status":"publish","type":"post","link":"https:\/\/www.hotelbelalp.com\/en\/coupe-deurope-de-ski-alpin-dames\/","title":{"rendered":"30\/01\/23 - 03\/02\/23 | European Cup Alpine Skiing - Ladies"},"content":{"rendered":"<p>The resort of Ch\u00e2tel is hosting the European Women's Downhill and Super G Skiing Cups for female skiers in the U18, U21 and U30 categories (aged 16 to 30) who will come from all over Europe to compete on our slopes!<\/p>\n\n\n\n<p>On the programme:<br><br>- Monday 30 and Tuesday 31 January: Downhill training<br>- Wednesday 1 February: DESCENT (event n\u00b01)<br>- Thursday 2 February: DESCENT (event n\u00b02)<br>- Friday 3 February : SUPER G<\/p>\n\n\n\n<figure class=\"wp-block-gallery has-nested-images columns-default is-cropped wp-block-gallery-1 is-layout-flex wp-block-gallery-is-layout-flex\">\n<figure class=\"wp-block-image size-large\"><img fetchpriority=\"high\" decoding=\"async\" width=\"462\" height=\"693\" data-id=\"1548\" src=\"https:\/\/www.hotelbelalp.com\/wp-content\/uploads\/2023\/01\/Chatel-piste-descente.jpg\" alt=\"Photo -\" class=\"wp-image-1548\" srcset=\"https:\/\/www.hotelbelalp.com\/wp-content\/uploads\/2023\/01\/Chatel-piste-descente.jpg 462w, https:\/\/www.hotelbelalp.com\/wp-content\/uploads\/2023\/01\/Chatel-piste-descente-200x300.jpg 200w, https:\/\/www.hotelbelalp.com\/wp-content\/uploads\/2023\/01\/Chatel-piste-descente-8x12.jpg 8w\" sizes=\"(max-width: 462px) 100vw, 462px\" \/><\/figure>\n\n\n\n<figure class=\"wp-block-image size-large\"><img decoding=\"async\" width=\"1810\" height=\"2560\" data-id=\"1547\" src=\"https:\/\/www.hotelbelalp.com\/wp-content\/uploads\/2023\/01\/224041-affiche_coupe_d_europe_v2-scaled.jpg\" alt=\"Photo -\" class=\"wp-image-1547\" srcset=\"https:\/\/www.hotelbelalp.com\/wp-content\/uploads\/2023\/01\/224041-affiche_coupe_d_europe_v2-scaled.jpg 1810w, https:\/\/www.hotelbelalp.com\/wp-content\/uploads\/2023\/01\/224041-affiche_coupe_d_europe_v2-212x300.jpg 212w, https:\/\/www.hotelbelalp.com\/wp-content\/uploads\/2023\/01\/224041-affiche_coupe_d_europe_v2-724x1024.jpg 724w, https:\/\/www.hotelbelalp.com\/wp-content\/uploads\/2023\/01\/224041-affiche_coupe_d_europe_v2-768x1086.jpg 768w, https:\/\/www.hotelbelalp.com\/wp-content\/uploads\/2023\/01\/224041-affiche_coupe_d_europe_v2-1086x1536.jpg 1086w, https:\/\/www.hotelbelalp.com\/wp-content\/uploads\/2023\/01\/224041-affiche_coupe_d_europe_v2-1448x2048.jpg 1448w, https:\/\/www.hotelbelalp.com\/wp-content\/uploads\/2023\/01\/224041-affiche_coupe_d_europe_v2-8x12.jpg 8w\" sizes=\"(max-width: 1810px) 100vw, 1810px\" \/><\/figure>\n<\/figure>\n\n\n\n<p>At the Hotel Belalp we will host the Italian team, 16 skiers and their staff will be accommodated for the duration of the competition. <\/p>","protected":false},"excerpt":{"rendered":"<p>La station de Ch\u00e2tel accueille des coupes d&rsquo;Europe de ski alpin dames de Descente et Super G pour les skieuses des cat\u00e9gories U18, U21 et U30 (\u00e2g\u00e9es de 16 \u00e0 30 ans) qui viendront de toute l&rsquo;Europe pour s&rsquo;affronter sur nos pistes ! Au programme : \u2022 Lundi 30 et mardi 31 janvier : Entra\u00eenement [&hellip;]<\/p>\n","protected":false},"author":13,"featured_media":1547,"comment_status":"closed","ping_status":"open","sticky":false,"template":"","format":"standard","meta":{"inline_featured_image":false,"footnotes":""},"categories":[1],"tags":[],"class_list":["post-1546","post","type-post","status-publish","format-standard","has-post-thumbnail","hentry","category-non-classe"],"_links":{"self":[{"href":"https:\/\/www.hotelbelalp.com\/en\/wp-json\/wp\/v2\/posts\/1546","targetHints":{"allow":["GET"]}}],"collection":[{"href":"https:\/\/www.hotelbelalp.com\/en\/wp-json\/wp\/v2\/posts"}],"about":[{"href":"https:\/\/www.hotelbelalp.com\/en\/wp-json\/wp\/v2\/types\/post"}],"author":[{"embeddable":true,"href":"https:\/\/www.hotelbelalp.com\/en\/wp-json\/wp\/v2\/users\/13"}],"replies":[{"embeddable":true,"href":"https:\/\/www.hotelbelalp.com\/en\/wp-json\/wp\/v2\/comments?post=1546"}],"version-history":[{"count":3,"href":"https:\/\/www.hotelbelalp.com\/en\/wp-json\/wp\/v2\/posts\/1546\/revisions"}],"predecessor-version":[{"id":1552,"href":"https:\/\/www.hotelbelalp.com\/en\/wp-json\/wp\/v2\/posts\/1546\/revisions\/1552"}],"wp:featuredmedia":[{"embeddable":true,"href":"https:\/\/www.hotelbelalp.com\/en\/wp-json\/wp\/v2\/media\/1547"}],"wp:attachment":[{"href":"https:\/\/www.hotelbelalp.com\/en\/wp-json\/wp\/v2\/media?parent=1546"}],"wp:term":[{"taxonomy":"category","embeddable":true,"href":"https:\/\/www.hotelbelalp.com\/en\/wp-json\/wp\/v2\/categories?post=1546"},{"taxonomy":"post_tag","embeddable":true,"href":"https:\/\/www.hotelbelalp.com\/en\/wp-json\/wp\/v2\/tags?post=1546"}],"curies":[{"name":"wp","href":"https:\/\/api.w.org\/{rel}","templated":true}]}}