{"id":2449,"date":"2026-03-16T15:20:55","date_gmt":"2026-03-16T14:20:55","guid":{"rendered":"https:\/\/www.hotelbelalp.com\/?p=2449"},"modified":"2026-03-16T15:24:00","modified_gmt":"2026-03-16T14:24:00","slug":"march-in-chatel-rock-the-pistes-and-the-magic-of-the-end-of-the-season","status":"publish","type":"post","link":"https:\/\/www.hotelbelalp.com\/en\/mars-a-chatel-rock-the-pistes-et-la-magie-de-la-fin-de-saison\/","title":{"rendered":"March in Ch\u00e2tel: Rock the Pistes and the magic of the end of the season"},"content":{"rendered":"<p>March is one of the best times to come and ski in Ch\u00e2tel. The days get longer, the sun comes out generously and the atmosphere on the slopes becomes particularly pleasant. It's also the time of year for a not-to-be-missed event in the Portes du Soleil: <strong>Rock the Pistes Festival<\/strong>.<\/p>\n\n\n\n<p>Between skiing, concerts at altitude and relaxing in the sun, March offers a unique mountain experience.<\/p>\n\n\n\n<h2 class=\"wp-block-heading\">Rock the Pistes: concerts in the heart of the ski area<\/h2>\n\n\n\n<p>Every year in March, the Domaine des <strong>Portes du Soleil<\/strong> welcomes the famous <strong>Rock the Pistes Festival<\/strong>. This festival, the only one of its kind in Europe, offers live concerts directly on the slopes, accessible only on skis.<\/p>\n\n\n\n<p>Over the course of a week, a number of international artists and groups perform on stages set up at altitude in the various resorts in the area.<\/p>\n\n\n\n<figure class=\"wp-block-image size-large\"><img fetchpriority=\"high\" decoding=\"async\" width=\"1024\" height=\"768\" src=\"https:\/\/www.hotelbelalp.com\/wp-content\/uploads\/2025\/03\/20240317_131958-1024x768.jpg\" alt=\"Photo -\" class=\"wp-image-2130\" srcset=\"https:\/\/www.hotelbelalp.com\/wp-content\/uploads\/2025\/03\/20240317_131958-1024x768.jpg 1024w, https:\/\/www.hotelbelalp.com\/wp-content\/uploads\/2025\/03\/20240317_131958-300x225.jpg 300w, https:\/\/www.hotelbelalp.com\/wp-content\/uploads\/2025\/03\/20240317_131958-768x576.jpg 768w, https:\/\/www.hotelbelalp.com\/wp-content\/uploads\/2025\/03\/20240317_131958-1536x1152.jpg 1536w, https:\/\/www.hotelbelalp.com\/wp-content\/uploads\/2025\/03\/20240317_131958-2048x1536.jpg 2048w, https:\/\/www.hotelbelalp.com\/wp-content\/uploads\/2025\/03\/20240317_131958-16x12.jpg 16w\" sizes=\"(max-width: 1024px) 100vw, 1024px\" \/><\/figure>\n\n\n\n<p>The atmosphere is exceptional:<\/p>\n\n\n\n<ul class=\"wp-block-list\">\n<li>morning skiing<\/li>\n\n\n\n<li>open-air concert in the early afternoon<\/li>\n\n\n\n<li>ski back to the villages<\/li>\n<\/ul>\n\n\n\n<p>All set against a spectacular mountain backdrop.<\/p>\n\n\n\n<p>For skiers and music lovers, this is a truly special experience.<\/p>\n\n\n\n<h2 class=\"wp-block-heading\">March: the best time to enjoy the slopes<\/h2>\n\n\n\n<p>The end of the season has many advantages that mountain regulars know well.<\/p>\n\n\n\n<p>The conditions are often ideal:<\/p>\n\n\n\n<ul class=\"wp-block-list\">\n<li><strong>longer days<\/strong><\/li>\n\n\n\n<li><strong>milder temperatures<\/strong><\/li>\n\n\n\n<li><strong>sunny terraces<\/strong><\/li>\n\n\n\n<li><strong>slopes still covered with plenty of snow at high altitude<\/strong><\/li>\n<\/ul>\n\n\n\n<p>It's the perfect time to combine sporty skiing in the morning with relaxing moments in the afternoon.<\/p>\n\n\n\n<p>The high-altitude restaurants and on-slope bars have become lively places where you can soak up the sun and enjoy the view of the peaks.<\/p>\n\n\n\n<h2 class=\"wp-block-heading\">After skiing: relaxation and a mountain atmosphere<\/h2>\n\n\n\n<p>After a great day on the slopes or a concert at altitude, what could be better than relaxing?<\/p>\n\n\n\n<p>At the\u2019<strong>Hotel Belalp<\/strong>, our customers particularly appreciate :<\/p>\n\n\n\n<ul class=\"wp-block-list\">\n<li>the <strong>spa with sauna, hammam and jacuzzi<\/strong><\/li>\n\n\n\n<li>the warm atmosphere of the <strong>living room with stove<\/strong><\/li>\n\n\n\n<li>the home cooking of <strong>half-board restaurant<\/strong><\/li>\n<\/ul>\n\n\n\n<p>March is also a quieter period than the school holidays, so you can make the most of the village and the ski area.<\/p>\n\n\n\n<h2 class=\"wp-block-heading\">An ideal mountain getaway<\/h2>\n\n\n\n<p>Between skiing in the sun, concerts on the slopes and the end-of-season atmosphere, <strong>March is an ideal time to discover Ch\u00e2tel and the Portes du Soleil<\/strong>.<\/p>\n\n\n\n<p>Whether it's for a weekend or a few days, it's the perfect time to enjoy the mountains in a different way.<\/p>\n\n\n\n<p><strong>Want to experience it for yourself?<\/strong><br>Discover our rooms and plan your stay at the H\u00f4tel Belalp in Ch\u00e2tel.<\/p>","protected":false},"excerpt":{"rendered":"<p>Le mois de mars est l\u2019un des meilleurs moments pour venir skier \u00e0 Ch\u00e2tel. Les journ\u00e9es s\u2019allongent, le soleil revient g\u00e9n\u00e9reusement et l\u2019ambiance sur les pistes devient particuli\u00e8rement agr\u00e9able. C\u2019est aussi la p\u00e9riode d\u2019un \u00e9v\u00e9nement incontournable dans les Portes du Soleil : Rock the Pistes Festival. Entre ski, concerts en altitude et d\u00e9tente au soleil, [&hellip;]<\/p>\n","protected":false},"author":13,"featured_media":2130,"comment_status":"closed","ping_status":"open","sticky":false,"template":"","format":"standard","meta":{"inline_featured_image":false,"footnotes":""},"categories":[1],"tags":[],"class_list":["post-2449","post","type-post","status-publish","format-standard","has-post-thumbnail","hentry","category-non-classe"],"_links":{"self":[{"href":"https:\/\/www.hotelbelalp.com\/en\/wp-json\/wp\/v2\/posts\/2449","targetHints":{"allow":["GET"]}}],"collection":[{"href":"https:\/\/www.hotelbelalp.com\/en\/wp-json\/wp\/v2\/posts"}],"about":[{"href":"https:\/\/www.hotelbelalp.com\/en\/wp-json\/wp\/v2\/types\/post"}],"author":[{"embeddable":true,"href":"https:\/\/www.hotelbelalp.com\/en\/wp-json\/wp\/v2\/users\/13"}],"replies":[{"embeddable":true,"href":"https:\/\/www.hotelbelalp.com\/en\/wp-json\/wp\/v2\/comments?post=2449"}],"version-history":[{"count":1,"href":"https:\/\/www.hotelbelalp.com\/en\/wp-json\/wp\/v2\/posts\/2449\/revisions"}],"predecessor-version":[{"id":2450,"href":"https:\/\/www.hotelbelalp.com\/en\/wp-json\/wp\/v2\/posts\/2449\/revisions\/2450"}],"wp:featuredmedia":[{"embeddable":true,"href":"https:\/\/www.hotelbelalp.com\/en\/wp-json\/wp\/v2\/media\/2130"}],"wp:attachment":[{"href":"https:\/\/www.hotelbelalp.com\/en\/wp-json\/wp\/v2\/media?parent=2449"}],"wp:term":[{"taxonomy":"category","embeddable":true,"href":"https:\/\/www.hotelbelalp.com\/en\/wp-json\/wp\/v2\/categories?post=2449"},{"taxonomy":"post_tag","embeddable":true,"href":"https:\/\/www.hotelbelalp.com\/en\/wp-json\/wp\/v2\/tags?post=2449"}],"curies":[{"name":"wp","href":"https:\/\/api.w.org\/{rel}","templated":true}]}}